{"id":4646,"date":"2021-06-01T10:05:00","date_gmt":"2021-06-01T09:05:00","guid":{"rendered":"http:\/\/www.gourmandaz.ch\/wordpress\/?p=4646"},"modified":"2023-01-17T11:39:56","modified_gmt":"2023-01-17T10:39:56","slug":"afterwork","status":"publish","type":"post","link":"https:\/\/www.gourmandaz.ch\/wordpress\/2021\/06\/01\/afterwork\/","title":{"rendered":"Afterwork"},"content":{"rendered":"\n<p class=\"has-text-align-center\"><strong>Venez-vous r\u00e9galer de bons vins et de super produits du terroir en notre compagnie ! <\/strong><\/p>\n\n\n\n<p class=\"has-text-align-center\">Un vendredi sur deux nous vous accueillons au domaine pour une soir\u00e9e plac\u00e9e sous le signe de la d\u00e9tente et de la convivialit\u00e9. Que vous soyez en amoureux, en famille ou entre amis un seul mot d&rsquo;ordre : D\u00e9compresser apr\u00e8s une semaine de boulot \u00e9reintante.<br>Au programme : tous nos crus au&nbsp;verre&nbsp;ou \u00e0 la bouteille, des grignotis de la r\u00e9gion et un peu de musique.<br>On est impatient de vous voir !<\/p>\n\n\n\n<div class=\"wp-block-image\"><figure class=\"aligncenter size-large is-resized\"><img loading=\"lazy\" decoding=\"async\" src=\"http:\/\/www.gourmandaz.ch\/wordpress\/wp-content\/uploads\/2021\/06\/IOOG7410-1024x576.jpg\" alt=\"\" class=\"wp-image-4658\" width=\"512\" height=\"288\" srcset=\"https:\/\/www.gourmandaz.ch\/wordpress\/wp-content\/uploads\/2021\/06\/IOOG7410-1024x576.jpg 1024w, https:\/\/www.gourmandaz.ch\/wordpress\/wp-content\/uploads\/2021\/06\/IOOG7410-300x169.jpg 300w, https:\/\/www.gourmandaz.ch\/wordpress\/wp-content\/uploads\/2021\/06\/IOOG7410-150x84.jpg 150w, https:\/\/www.gourmandaz.ch\/wordpress\/wp-content\/uploads\/2021\/06\/IOOG7410-1536x864.jpg 1536w, https:\/\/www.gourmandaz.ch\/wordpress\/wp-content\/uploads\/2021\/06\/IOOG7410-555x312.jpg 555w\" sizes=\"auto, (max-width: 512px) 100vw, 512px\" \/><\/figure><\/div>\n","protected":false},"excerpt":{"rendered":"<p>Venez-vous r\u00e9galer de bons vins et de super produits du terroir en notre compagnie ! Un vendredi sur deux nous vous accueillons au domaine pour une soir\u00e9e plac\u00e9e sous le signe de la d\u00e9tente et de la convivialit\u00e9. Que vous [&hellip;]<\/p>\n","protected":false},"author":1,"featured_media":4660,"comment_status":"closed","ping_status":"closed","sticky":false,"template":"","format":"standard","meta":{"_acf_changed":false,"footnotes":""},"categories":[38,30,229],"tags":[],"class_list":["post-4646","post","type-post","status-publish","format-standard","has-post-thumbnail","hentry","category-degustation","category-evenement","category-domaine"],"acf":[],"yoast_head":"<!-- This site is optimized with the Yoast SEO plugin v14.4.1 - https:\/\/yoast.com\/wordpress\/plugins\/seo\/ -->\n<title>Afterwork &bull; Domaine de Gourmandaz<\/title>\n<meta name=\"robots\" content=\"index, follow\" \/>\n<meta name=\"googlebot\" content=\"index, follow, max-snippet:-1, max-image-preview:large, max-video-preview:-1\" \/>\n<meta name=\"bingbot\" content=\"index, follow, max-snippet:-1, max-image-preview:large, max-video-preview:-1\" \/>\n<link rel=\"canonical\" href=\"https:\/\/www.gourmandaz.ch\/wordpress\/2021\/06\/01\/afterwork\/\" \/>\n<meta property=\"og:locale\" content=\"fr_FR\" \/>\n<meta property=\"og:type\" content=\"article\" \/>\n<meta property=\"og:title\" content=\"Afterwork &bull; Domaine de Gourmandaz\" \/>\n<meta property=\"og:description\" content=\"Venez-vous r\u00e9galer de bons vins et de super produits du terroir en notre compagnie ! Un vendredi sur deux nous vous accueillons au domaine pour une soir\u00e9e plac\u00e9e sous le signe de la d\u00e9tente et de la convivialit\u00e9. Que vous [&hellip;]\" \/>\n<meta property=\"og:url\" content=\"https:\/\/www.gourmandaz.ch\/wordpress\/2021\/06\/01\/afterwork\/\" \/>\n<meta property=\"og:site_name\" content=\"Domaine de Gourmandaz\" \/>\n<meta property=\"article:publisher\" content=\"https:\/\/fr-fr.facebook.com\/domaineGourmandaz\/\" \/>\n<meta property=\"article:author\" content=\"https:\/\/www.facebook.com\/domaineGourmandaz\/\" \/>\n<meta property=\"article:published_time\" content=\"2021-06-01T09:05:00+00:00\" \/>\n<meta property=\"article:modified_time\" content=\"2023-01-17T10:39:56+00:00\" \/>\n<meta property=\"og:image\" content=\"https:\/\/www.gourmandaz.ch\/wordpress\/wp-content\/uploads\/2021\/06\/AFTERWORK2.png\" \/>\n\t<meta property=\"og:image:width\" content=\"500\" \/>\n\t<meta property=\"og:image:height\" content=\"500\" \/>\n<meta name=\"twitter:card\" content=\"summary_large_image\" \/>\n<script type=\"application\/ld+json\" class=\"yoast-schema-graph\">{\"@context\":\"https:\/\/schema.org\",\"@graph\":[{\"@type\":\"Organization\",\"@id\":\"https:\/\/www.gourmandaz.ch\/wordpress\/#organization\",\"name\":\"Domaine de Gourmandaz\",\"url\":\"https:\/\/www.gourmandaz.ch\/wordpress\/\",\"sameAs\":[\"https:\/\/fr-fr.facebook.com\/domaineGourmandaz\/\",\"https:\/\/www.instagram.com\/domainedegourmandaz\/\"],\"logo\":{\"@type\":\"ImageObject\",\"@id\":\"https:\/\/www.gourmandaz.ch\/wordpress\/#logo\",\"inLanguage\":\"fr-FR\",\"url\":\"https:\/\/www.gourmandaz.ch\/wordpress\/wp-content\/uploads\/2020\/06\/Logo_Gourmandaz_rouge_mobile.png\",\"width\":239,\"height\":95,\"caption\":\"Domaine de Gourmandaz\"},\"image\":{\"@id\":\"https:\/\/www.gourmandaz.ch\/wordpress\/#logo\"}},{\"@type\":\"WebSite\",\"@id\":\"https:\/\/www.gourmandaz.ch\/wordpress\/#website\",\"url\":\"https:\/\/www.gourmandaz.ch\/wordpress\/\",\"name\":\"Domaine de Gourmandaz\",\"description\":\"Qui sait d\\u00e9guster ne boit plus jamais des vins mais go\\u00fbte des secrets. Dali\",\"publisher\":{\"@id\":\"https:\/\/www.gourmandaz.ch\/wordpress\/#organization\"},\"potentialAction\":[{\"@type\":\"SearchAction\",\"target\":\"https:\/\/www.gourmandaz.ch\/wordpress\/?s={search_term_string}\",\"query-input\":\"required name=search_term_string\"}],\"inLanguage\":\"fr-FR\"},{\"@type\":\"ImageObject\",\"@id\":\"https:\/\/www.gourmandaz.ch\/wordpress\/2021\/06\/01\/afterwork\/#primaryimage\",\"inLanguage\":\"fr-FR\",\"url\":\"https:\/\/www.gourmandaz.ch\/wordpress\/wp-content\/uploads\/2021\/06\/AFTERWORK2.png\",\"width\":500,\"height\":500},{\"@type\":\"WebPage\",\"@id\":\"https:\/\/www.gourmandaz.ch\/wordpress\/2021\/06\/01\/afterwork\/#webpage\",\"url\":\"https:\/\/www.gourmandaz.ch\/wordpress\/2021\/06\/01\/afterwork\/\",\"name\":\"Afterwork &bull; Domaine de Gourmandaz\",\"isPartOf\":{\"@id\":\"https:\/\/www.gourmandaz.ch\/wordpress\/#website\"},\"primaryImageOfPage\":{\"@id\":\"https:\/\/www.gourmandaz.ch\/wordpress\/2021\/06\/01\/afterwork\/#primaryimage\"},\"datePublished\":\"2021-06-01T09:05:00+00:00\",\"dateModified\":\"2023-01-17T10:39:56+00:00\",\"inLanguage\":\"fr-FR\",\"potentialAction\":[{\"@type\":\"ReadAction\",\"target\":[\"https:\/\/www.gourmandaz.ch\/wordpress\/2021\/06\/01\/afterwork\/\"]}]},{\"@type\":\"Article\",\"@id\":\"https:\/\/www.gourmandaz.ch\/wordpress\/2021\/06\/01\/afterwork\/#article\",\"isPartOf\":{\"@id\":\"https:\/\/www.gourmandaz.ch\/wordpress\/2021\/06\/01\/afterwork\/#webpage\"},\"author\":{\"@id\":\"https:\/\/www.gourmandaz.ch\/wordpress\/#\/schema\/person\/276ea3866701351b22eac904d9c78f79\"},\"headline\":\"Afterwork\",\"datePublished\":\"2021-06-01T09:05:00+00:00\",\"dateModified\":\"2023-01-17T10:39:56+00:00\",\"commentCount\":0,\"mainEntityOfPage\":{\"@id\":\"https:\/\/www.gourmandaz.ch\/wordpress\/2021\/06\/01\/afterwork\/#webpage\"},\"publisher\":{\"@id\":\"https:\/\/www.gourmandaz.ch\/wordpress\/#organization\"},\"image\":{\"@id\":\"https:\/\/www.gourmandaz.ch\/wordpress\/2021\/06\/01\/afterwork\/#primaryimage\"},\"articleSection\":\"D\\u00e9gustation,\\u00c9v\\u00e9nements,Le Domaine\",\"inLanguage\":\"fr-FR\"},{\"@type\":[\"Person\"],\"@id\":\"https:\/\/www.gourmandaz.ch\/wordpress\/#\/schema\/person\/276ea3866701351b22eac904d9c78f79\",\"name\":\"Gourmandaz\",\"image\":{\"@type\":\"ImageObject\",\"@id\":\"https:\/\/www.gourmandaz.ch\/wordpress\/#personlogo\",\"inLanguage\":\"fr-FR\",\"url\":\"https:\/\/secure.gravatar.com\/avatar\/2af7628f991eab7b06bc0bdbd8d4b39230abb42c0193b0b7f8bfd25c2cc7c8b0?s=96&d=mm&r=g\",\"caption\":\"Gourmandaz\"},\"sameAs\":[\"https:\/\/www.facebook.com\/domaineGourmandaz\/\",\"https:\/\/www.instagram.com\/domainedegourmandaz\/\"]}]}<\/script>\n<!-- \/ Yoast SEO plugin. -->","_links":{"self":[{"href":"https:\/\/www.gourmandaz.ch\/wordpress\/wp-json\/wp\/v2\/posts\/4646","targetHints":{"allow":["GET"]}}],"collection":[{"href":"https:\/\/www.gourmandaz.ch\/wordpress\/wp-json\/wp\/v2\/posts"}],"about":[{"href":"https:\/\/www.gourmandaz.ch\/wordpress\/wp-json\/wp\/v2\/types\/post"}],"author":[{"embeddable":true,"href":"https:\/\/www.gourmandaz.ch\/wordpress\/wp-json\/wp\/v2\/users\/1"}],"replies":[{"embeddable":true,"href":"https:\/\/www.gourmandaz.ch\/wordpress\/wp-json\/wp\/v2\/comments?post=4646"}],"version-history":[{"count":4,"href":"https:\/\/www.gourmandaz.ch\/wordpress\/wp-json\/wp\/v2\/posts\/4646\/revisions"}],"predecessor-version":[{"id":4659,"href":"https:\/\/www.gourmandaz.ch\/wordpress\/wp-json\/wp\/v2\/posts\/4646\/revisions\/4659"}],"wp:featuredmedia":[{"embeddable":true,"href":"https:\/\/www.gourmandaz.ch\/wordpress\/wp-json\/wp\/v2\/media\/4660"}],"wp:attachment":[{"href":"https:\/\/www.gourmandaz.ch\/wordpress\/wp-json\/wp\/v2\/media?parent=4646"}],"wp:term":[{"taxonomy":"category","embeddable":true,"href":"https:\/\/www.gourmandaz.ch\/wordpress\/wp-json\/wp\/v2\/categories?post=4646"},{"taxonomy":"post_tag","embeddable":true,"href":"https:\/\/www.gourmandaz.ch\/wordpress\/wp-json\/wp\/v2\/tags?post=4646"}],"curies":[{"name":"wp","href":"https:\/\/api.w.org\/{rel}","templated":true}]}}