{"id":4890,"date":"2023-04-24T07:27:57","date_gmt":"2023-04-24T06:27:57","guid":{"rendered":"https:\/\/www.gourmandaz.ch\/wordpress\/?p=4890"},"modified":"2023-04-24T14:18:43","modified_gmt":"2023-04-24T13:18:43","slug":"27-28-mai-caves-ouvertes-vaudoise","status":"publish","type":"post","link":"https:\/\/www.gourmandaz.ch\/wordpress\/2023\/04\/24\/27-28-mai-caves-ouvertes-vaudoise\/","title":{"rendered":"27 &#038; 28 Mai : Caves Ouvertes Vaudoise"},"content":{"rendered":"\n<p class=\"has-text-align-center\">Cette ann\u00e9e encore nous vous accueillerons au coeur de notre vignoble, pour vous faire d\u00e9couvrir nos crus et notre travail \u00e0 l&rsquo;occasion des Caves Ouvertes Vaudoise les 27 &amp; 28 mai prochain.<\/p>\n\n\n\n<p class=\"has-text-align-center\">Au programme de la convivialit\u00e9, de la bonne humeur et du partage ! Mais surtout vous pourrez d\u00e9guster nos crus, profitez d&rsquo;une bonne raclette ou encore d&rsquo;un panier Pique Nique&#8230; On ne vous dit pas tout, il y aura d&rsquo;autres surprises !<\/p>\n\n\n\n<p class=\"has-text-align-center\">Voici le menu des Paniers Pique Nique :<\/p>\n\n\n\n<p class=\"has-text-align-center\"><strong>Salade \u00e0 Shaker<\/strong><br><em>Salade, Roquette, Coeur d&rsquo;Artichaut, Oignon Rouge &amp; Haricot Blanc<\/em><br><br><strong>Muffins Sal\u00e9s<\/strong><br><em>Oignons Confits, Lard<\/em><br><br><strong>Douceur<\/strong><br><em>Panacotta, Figues \u00e9pic\u00e9es du Domaine &amp; sp\u00e9culos<\/em><\/p>\n\n\n\n<p class=\"has-text-align-center\">Le tout accompagn\u00e9 de votre vin pr\u00e9f\u00e9r\u00e9<br>au choix Chasselas, Pinot noir ou Garanoir<\/p>\n\n\n\n<p class=\"has-text-align-center\">Tout les produits sont de saison, frais et de la r\u00e9gion. Et bien s\u00fbr fait maison !&nbsp;<strong>Le tout pour seulement 25,-\/personne<\/strong><br>Pour toutes informations et r\u00e9servations (minimum 48h \u00e0 l\u2019avance) : appelez Alice au 076.332.36.07<br><br>Bien \u00e0 vous, L\u2019\u00e9quipe Gourmandaz<\/p>\n","protected":false},"excerpt":{"rendered":"<p>Cette ann\u00e9e encore nous vous accueillerons au coeur de notre vignoble, pour vous faire d\u00e9couvrir nos crus et notre travail \u00e0 l&rsquo;occasion des Caves Ouvertes Vaudoise les 27 &amp; 28 mai prochain. Au programme de la convivialit\u00e9, de la bonne [&hellip;]<\/p>\n","protected":false},"author":1,"featured_media":0,"comment_status":"closed","ping_status":"closed","sticky":false,"template":"","format":"standard","meta":{"_acf_changed":false,"footnotes":""},"categories":[1],"tags":[],"class_list":["post-4890","post","type-post","status-publish","format-standard","hentry","category-non-classe"],"acf":[],"yoast_head":"<!-- This site is optimized with the Yoast SEO plugin v14.4.1 - https:\/\/yoast.com\/wordpress\/plugins\/seo\/ -->\n<title>27 &amp; 28 Mai : Caves Ouvertes Vaudoise &bull; Domaine de Gourmandaz<\/title>\n<meta name=\"robots\" content=\"index, follow\" \/>\n<meta name=\"googlebot\" content=\"index, follow, max-snippet:-1, max-image-preview:large, max-video-preview:-1\" \/>\n<meta name=\"bingbot\" content=\"index, follow, max-snippet:-1, max-image-preview:large, max-video-preview:-1\" \/>\n<link rel=\"canonical\" href=\"https:\/\/www.gourmandaz.ch\/wordpress\/2023\/04\/24\/27-28-mai-caves-ouvertes-vaudoise\/\" \/>\n<meta property=\"og:locale\" content=\"fr_FR\" \/>\n<meta property=\"og:type\" content=\"article\" \/>\n<meta property=\"og:title\" content=\"27 &amp; 28 Mai : Caves Ouvertes Vaudoise &bull; Domaine de Gourmandaz\" \/>\n<meta property=\"og:description\" content=\"Cette ann\u00e9e encore nous vous accueillerons au coeur de notre vignoble, pour vous faire d\u00e9couvrir nos crus et notre travail \u00e0 l&rsquo;occasion des Caves Ouvertes Vaudoise les 27 &amp; 28 mai prochain. Au programme de la convivialit\u00e9, de la bonne [&hellip;]\" \/>\n<meta property=\"og:url\" content=\"https:\/\/www.gourmandaz.ch\/wordpress\/2023\/04\/24\/27-28-mai-caves-ouvertes-vaudoise\/\" \/>\n<meta property=\"og:site_name\" content=\"Domaine de Gourmandaz\" \/>\n<meta property=\"article:publisher\" content=\"https:\/\/fr-fr.facebook.com\/domaineGourmandaz\/\" \/>\n<meta property=\"article:author\" content=\"https:\/\/www.facebook.com\/domaineGourmandaz\/\" \/>\n<meta property=\"article:published_time\" content=\"2023-04-24T06:27:57+00:00\" \/>\n<meta property=\"article:modified_time\" content=\"2023-04-24T13:18:43+00:00\" \/>\n<meta name=\"twitter:card\" content=\"summary_large_image\" \/>\n<script type=\"application\/ld+json\" class=\"yoast-schema-graph\">{\"@context\":\"https:\/\/schema.org\",\"@graph\":[{\"@type\":\"Organization\",\"@id\":\"https:\/\/www.gourmandaz.ch\/wordpress\/#organization\",\"name\":\"Domaine de Gourmandaz\",\"url\":\"https:\/\/www.gourmandaz.ch\/wordpress\/\",\"sameAs\":[\"https:\/\/fr-fr.facebook.com\/domaineGourmandaz\/\",\"https:\/\/www.instagram.com\/domainedegourmandaz\/\"],\"logo\":{\"@type\":\"ImageObject\",\"@id\":\"https:\/\/www.gourmandaz.ch\/wordpress\/#logo\",\"inLanguage\":\"fr-FR\",\"url\":\"https:\/\/www.gourmandaz.ch\/wordpress\/wp-content\/uploads\/2020\/06\/Logo_Gourmandaz_rouge_mobile.png\",\"width\":239,\"height\":95,\"caption\":\"Domaine de Gourmandaz\"},\"image\":{\"@id\":\"https:\/\/www.gourmandaz.ch\/wordpress\/#logo\"}},{\"@type\":\"WebSite\",\"@id\":\"https:\/\/www.gourmandaz.ch\/wordpress\/#website\",\"url\":\"https:\/\/www.gourmandaz.ch\/wordpress\/\",\"name\":\"Domaine de Gourmandaz\",\"description\":\"Qui sait d\\u00e9guster ne boit plus jamais des vins mais go\\u00fbte des secrets. Dali\",\"publisher\":{\"@id\":\"https:\/\/www.gourmandaz.ch\/wordpress\/#organization\"},\"potentialAction\":[{\"@type\":\"SearchAction\",\"target\":\"https:\/\/www.gourmandaz.ch\/wordpress\/?s={search_term_string}\",\"query-input\":\"required name=search_term_string\"}],\"inLanguage\":\"fr-FR\"},{\"@type\":\"WebPage\",\"@id\":\"https:\/\/www.gourmandaz.ch\/wordpress\/2023\/04\/24\/27-28-mai-caves-ouvertes-vaudoise\/#webpage\",\"url\":\"https:\/\/www.gourmandaz.ch\/wordpress\/2023\/04\/24\/27-28-mai-caves-ouvertes-vaudoise\/\",\"name\":\"27 & 28 Mai : Caves Ouvertes Vaudoise &bull; Domaine de Gourmandaz\",\"isPartOf\":{\"@id\":\"https:\/\/www.gourmandaz.ch\/wordpress\/#website\"},\"datePublished\":\"2023-04-24T06:27:57+00:00\",\"dateModified\":\"2023-04-24T13:18:43+00:00\",\"inLanguage\":\"fr-FR\",\"potentialAction\":[{\"@type\":\"ReadAction\",\"target\":[\"https:\/\/www.gourmandaz.ch\/wordpress\/2023\/04\/24\/27-28-mai-caves-ouvertes-vaudoise\/\"]}]},{\"@type\":\"Article\",\"@id\":\"https:\/\/www.gourmandaz.ch\/wordpress\/2023\/04\/24\/27-28-mai-caves-ouvertes-vaudoise\/#article\",\"isPartOf\":{\"@id\":\"https:\/\/www.gourmandaz.ch\/wordpress\/2023\/04\/24\/27-28-mai-caves-ouvertes-vaudoise\/#webpage\"},\"author\":{\"@id\":\"https:\/\/www.gourmandaz.ch\/wordpress\/#\/schema\/person\/276ea3866701351b22eac904d9c78f79\"},\"headline\":\"27 &#038; 28 Mai : Caves Ouvertes Vaudoise\",\"datePublished\":\"2023-04-24T06:27:57+00:00\",\"dateModified\":\"2023-04-24T13:18:43+00:00\",\"commentCount\":0,\"mainEntityOfPage\":{\"@id\":\"https:\/\/www.gourmandaz.ch\/wordpress\/2023\/04\/24\/27-28-mai-caves-ouvertes-vaudoise\/#webpage\"},\"publisher\":{\"@id\":\"https:\/\/www.gourmandaz.ch\/wordpress\/#organization\"},\"inLanguage\":\"fr-FR\"},{\"@type\":[\"Person\"],\"@id\":\"https:\/\/www.gourmandaz.ch\/wordpress\/#\/schema\/person\/276ea3866701351b22eac904d9c78f79\",\"name\":\"Gourmandaz\",\"image\":{\"@type\":\"ImageObject\",\"@id\":\"https:\/\/www.gourmandaz.ch\/wordpress\/#personlogo\",\"inLanguage\":\"fr-FR\",\"url\":\"https:\/\/secure.gravatar.com\/avatar\/2af7628f991eab7b06bc0bdbd8d4b39230abb42c0193b0b7f8bfd25c2cc7c8b0?s=96&d=mm&r=g\",\"caption\":\"Gourmandaz\"},\"sameAs\":[\"https:\/\/www.facebook.com\/domaineGourmandaz\/\",\"https:\/\/www.instagram.com\/domainedegourmandaz\/\"]}]}<\/script>\n<!-- \/ Yoast SEO plugin. -->","_links":{"self":[{"href":"https:\/\/www.gourmandaz.ch\/wordpress\/wp-json\/wp\/v2\/posts\/4890","targetHints":{"allow":["GET"]}}],"collection":[{"href":"https:\/\/www.gourmandaz.ch\/wordpress\/wp-json\/wp\/v2\/posts"}],"about":[{"href":"https:\/\/www.gourmandaz.ch\/wordpress\/wp-json\/wp\/v2\/types\/post"}],"author":[{"embeddable":true,"href":"https:\/\/www.gourmandaz.ch\/wordpress\/wp-json\/wp\/v2\/users\/1"}],"replies":[{"embeddable":true,"href":"https:\/\/www.gourmandaz.ch\/wordpress\/wp-json\/wp\/v2\/comments?post=4890"}],"version-history":[{"count":3,"href":"https:\/\/www.gourmandaz.ch\/wordpress\/wp-json\/wp\/v2\/posts\/4890\/revisions"}],"predecessor-version":[{"id":4895,"href":"https:\/\/www.gourmandaz.ch\/wordpress\/wp-json\/wp\/v2\/posts\/4890\/revisions\/4895"}],"wp:attachment":[{"href":"https:\/\/www.gourmandaz.ch\/wordpress\/wp-json\/wp\/v2\/media?parent=4890"}],"wp:term":[{"taxonomy":"category","embeddable":true,"href":"https:\/\/www.gourmandaz.ch\/wordpress\/wp-json\/wp\/v2\/categories?post=4890"},{"taxonomy":"post_tag","embeddable":true,"href":"https:\/\/www.gourmandaz.ch\/wordpress\/wp-json\/wp\/v2\/tags?post=4890"}],"curies":[{"name":"wp","href":"https:\/\/api.w.org\/{rel}","templated":true}]}}